[{"@context":"https:\/\/schema.org\/","@type":"Article","@id":"https:\/\/www.rasker.cz\/vzdelani-nerovna-se-pravda\/#Article","mainEntityOfPage":"https:\/\/www.rasker.cz\/vzdelani-nerovna-se-pravda\/","headline":"Vzd\u011bl\u00e1n\u00ed nerovn\u00e1 se pravda","name":"Vzd\u011bl\u00e1n\u00ed nerovn\u00e1 se pravda","description":"V\u0161ichni jsme nav\u0161t\u011bvovali n\u011bjakou \u0161kolu. Nejprve z\u00e1kladn\u00ed, pot\u00e9 n\u011bkterou st\u0159edn\u00ed, nebo u\u010dili\u0161t\u011b a n\u011bkte\u0159\u00ed vysokou. Jako holka jsem vzhl\u00ed\u017eela k\u00a0lidem, kte\u0159\u00ed \u00fasp\u011b\u0161n\u011b dokon\u010dili n\u011bkterou&#46;&#46;&#46;","datePublished":"2018-09-17","dateModified":"2018-09-17","author":{"@type":"Person","@id":"https:\/\/www.rasker.cz\/author\/#Person","name":"","url":"https:\/\/www.rasker.cz\/author\/","identifier":1,"image":{"@type":"ImageObject","@id":"https:\/\/secure.gravatar.com\/avatar\/ade5060b95d9432296fc92debd2ba3136f7a4d727a7bc57afe18c4808c7d7ac9?s=96&d=mm&r=g","url":"https:\/\/secure.gravatar.com\/avatar\/ade5060b95d9432296fc92debd2ba3136f7a4d727a7bc57afe18c4808c7d7ac9?s=96&d=mm&r=g","height":96,"width":96}},"publisher":{"@type":"Organization","name":"rasker.cz","logo":{"@type":"ImageObject","@id":"\/logo.png","url":"\/logo.png","width":600,"height":60}},"image":{"@type":"ImageObject","@id":"https:\/\/www.rasker.cz\/wp-content\/uploads\/img_a325560_w2430_t1537513688.jpg","url":"https:\/\/www.rasker.cz\/wp-content\/uploads\/img_a325560_w2430_t1537513688.jpg","height":0,"width":0},"url":"https:\/\/www.rasker.cz\/vzdelani-nerovna-se-pravda\/","wordCount":652,"articleBody":"V\u0161ichni jsme nav\u0161t\u011bvovali n\u011bjakou \u0161kolu. Nejprve z\u00e1kladn\u00ed, pot\u00e9 n\u011bkterou st\u0159edn\u00ed, nebo u\u010dili\u0161t\u011b a n\u011bkte\u0159\u00ed vysokou.Jako holka jsem vzhl\u00ed\u017eela k\u00a0lidem, kte\u0159\u00ed \u00fasp\u011b\u0161n\u011b dokon\u010dili n\u011bkterou z\u00a0vysok\u00fdch \u0161kol a mohli pracovat na n\u011bjak\u00e9m zaj\u00edmav\u00e9m m\u00edst\u011b.Tak\u00e9 na st\u0159edn\u00ed n\u00e1m bylo mnohdy p\u0159ipom\u00edn\u00e1no, \u017ee jsme \u201en\u011bkdo\u201c, proto\u017ee tato \u0161kola je jen pro ty nejchyt\u0159ej\u0161\u00ed, kte\u0159\u00ed budou d\u00e1l pokra\u010dovat ve vzd\u011bl\u00e1v\u00e1n\u00ed.U\u010dili jsme se nez\u00e1\u017eivn\u00e1 fakta, kter\u00e1 byla nejd\u016fle\u017eit\u011bj\u0161\u00ed tak akor\u00e1t do pololetn\u00ed p\u00edsemky a pak mohla z\u00a0hlavy ven, matematick\u00e9 vzore\u010dky, kter\u00e9 byly stejn\u011b pro v\u011bt\u0161inu z\u00a0n\u00e1s naprosto k\u00a0ni\u010demu, z\u00e1klady programov\u00e1n\u00ed na dnes ji\u017e velmi historick\u00fdch po\u010d\u00edta\u010d\u00edch a nez\u00e1\u017eivn\u00e9 \u017eivotopisy spisovatel\u016f, kter\u00e9 dnes u\u017e ani nikdo nezn\u00e1.A pokud nebudeme d\u00e1l pokra\u010dovat ve \u0161kole, nevad\u00ed. Vysv\u011bd\u010den\u00ed odtud n\u00e1s dostane na skv\u011bl\u00e1 pracovn\u00ed m\u00edsta.Se zp\u011btn\u00fdm smutn\u00fdm pohledem mus\u00edm konstatovat, \u017ee moje vzd\u011bl\u00e1n\u00ed nerovn\u00e1 se pravda, kterou n\u00e1m vl\u00e9vali do hlavy.Nejen, \u017ee nikdo na n\u00e1s, co jsme d\u00e1l nepokra\u010dovali ve studov\u00e1n\u00ed, nepohl\u00ed\u017e\u00ed jako na chytr\u00e9, naopak, najednou okol\u00ed d\u00e1v\u00e1 rovn\u00edtko mezi n\u00e1s s\u00a0maturitou a mezi ty, kte\u0159\u00ed maj\u00ed horko t\u011b\u017eko z\u00e1kladn\u00ed \u0161kolu.Co je platn\u00e9, \u017ee m\u00e1me \u010dasto v\u011bt\u0161\u00ed rozhled v\u00a0mnoha oborech ne\u017e ti vystudovan\u00ed, kdy\u017e se nem\u016f\u017eeme py\u0161nit n\u011bjak\u00fdm Mgr., Ing., nebo alespo\u0148 Bc.\u00a0 Ti jsou bran\u00ed v\u00e1\u017en\u011b, i kdy\u017e maj\u00ed za sebou \u0161kolu, kter\u00e1 je vlastn\u011b v\u00fdsm\u011bchem skute\u010dn\u00fdm odborn\u00edk\u016fm s\u00a0t\u011bmi sam\u00fdmi zkratkami.Dost m\u011b \u0161okovala skute\u010dnost, \u017ee \u00fa\u0159ednick\u00e1 m\u00edsta, jsou obsazov\u00e1na lidmi, kte\u0159\u00ed mus\u00ed m\u00edt vystudovanou vysokou \u0161kolu.Dost jich zn\u00e1m osobn\u011b a \u010dasto m\u011b p\u0159ekvapilo, jak ve skute\u010dnosti jsou to hloup\u00ed lid\u00e9, zato sebev\u011bdom\u00ed a arogantn\u00ed k\u00a0t\u011bm, kte\u0159\u00ed skon\u010dili s\u00a0maturitou, nebo, proboha \u201ejen\u201c s\u00a0v\u00fdu\u010dn\u00edm listem.Mnoz\u00ed dne\u0161n\u00ed t\u0159ic\u00e1tn\u00edci, se chovaj\u00ed arogantn\u011b i ke star\u0161\u00edm lidem se stejn\u00fdm, ale i s\u00a0vy\u0161\u0161\u00edm vzd\u011bl\u00e1n\u00edm, ne\u017e maj\u00ed sami, proto\u017ee jsou p\u0159esv\u011bd\u010den\u00ed, \u017ee jejich \u0161kola v sou\u010dasnosti je nau\u010dila mnohem v\u00edc, ne\u017e p\u0159edchoz\u00ed generace. Sice neum\u011bj\u00ed teorii pou\u017e\u00edvat v\u00a0praxi, ale zato jezd\u00ed v\u00a0drah\u00fdch podnikov\u00fdch autech a v\u0161ude chod\u00ed v\u00a0ruce s\u00a0po\u010d\u00edta\u010dem a mobilem p\u0159ilepen\u00fdm k\u00a0uchu. To, aby v\u0161ichni padli na zadek z\u00a0toho, jak jsou d\u016fle\u017eit\u00ed.Svou \u201ev\u00e1\u017enost a vzd\u011blanost\u201c dotvrzuj\u00ed h\u00e1zen\u00edm anglikanism\u016f, aby i ti\u201c nejhloup\u011bj\u0161\u00ed d\u011bln\u00edci\u201c vid\u011bli, s\u00a0k\u00fdm maj\u00ed tu \u010dest.\u010casto pak nar\u00e1\u017eej\u00ed na skute\u010dnost, \u017ee to, co oni vymysleli, je naprosto nepou\u017eiteln\u00e9. Jasn\u011b, po\u010d\u00edta\u010d to snese, ale ne\u017eijeme ve virtu\u00e1ln\u00edm sv\u011bt\u011b.Dokonce jsou i tac\u00ed, co odm\u00edtaj\u00ed p\u0159iznat, \u017ee \u0161patn\u011b ovl\u00e1daj\u00ed rodnou \u0159e\u010d. P\u00ed\u0161ou hrubky, ale proto\u017ee i na vizitk\u00e1ch maj\u00ed sv\u00e9 Mgr., nikdo si netroufne je opravit. A kdy\u017e u\u017e se n\u011bjak\u00fd drzoun najde, b\u011bda mu. Oni si \u201e um\u00ed\u201c obh\u00e1jit nesmyslnost pravidel mate\u0159sk\u00e9ho jazyka a o to v\u00edc d\u00e1vaj\u00ed na odiv ten ciz\u00ed.Nejsmutn\u011bj\u0161\u00ed je ale pohled na ty, co si stoj\u00ed za svou \u201epravdou\u201c a odm\u00edtaj\u00ed p\u0159ipustit, \u017ee \u010dlov\u011bka s l\u00e9ty praxe v\u00a0oboru by m\u011bli sp\u00ed\u0161 respektovat ne\u017e ur\u00e1\u017eet a zap\u0159em\u00fd\u0161let o jeho \u0159e\u0161en\u00ed situace, ne\u017e si vydup\u00e1vat svou, proveditelnou jen na str\u00e1nk\u00e1ch po\u010d\u00edta\u010de.                                                                                                                                                                                                                                                                                                                                                                                        3.3\/5 - (3 votes)        "},{"@context":"https:\/\/schema.org\/","@type":"BreadcrumbList","itemListElement":[{"@type":"ListItem","position":1,"name":"Vzd\u011bl\u00e1n\u00ed nerovn\u00e1 se pravda","item":"https:\/\/www.rasker.cz\/vzdelani-nerovna-se-pravda\/#breadcrumbitem"}]}]