[{"@context":"https:\/\/schema.org\/","@type":"Article","@id":"https:\/\/www.rasker.cz\/syn-a-ja\/#Article","mainEntityOfPage":"https:\/\/www.rasker.cz\/syn-a-ja\/","headline":"Syn a j\u00e1","name":"Syn a j\u00e1","description":"V\u0161ichni v\u00edme, \u017ee ne v\u017edycky mus\u00ed b\u00fdt n\u011bjak\u00e9 vztahy dokonal\u00e9. O tomhle bych mohla vypr\u00e1v\u011bt nebo napsat knihu, proto\u017ee se sv\u00fdm b\u00fdval\u00fdm partnerem m\u00e1m&#46;&#46;&#46;","datePublished":"2022-10-31","dateModified":"2023-05-03","author":{"@type":"Person","@id":"https:\/\/www.rasker.cz\/author\/#Person","name":"","url":"https:\/\/www.rasker.cz\/author\/","identifier":1,"image":{"@type":"ImageObject","@id":"https:\/\/secure.gravatar.com\/avatar\/ade5060b95d9432296fc92debd2ba3136f7a4d727a7bc57afe18c4808c7d7ac9?s=96&d=mm&r=g","url":"https:\/\/secure.gravatar.com\/avatar\/ade5060b95d9432296fc92debd2ba3136f7a4d727a7bc57afe18c4808c7d7ac9?s=96&d=mm&r=g","height":96,"width":96}},"publisher":{"@type":"Organization","name":"rasker.cz","logo":{"@type":"ImageObject","@id":"\/logo.png","url":"\/logo.png","width":600,"height":60}},"image":{"@type":"ImageObject","@id":"https:\/\/www.rasker.cz\/wp-content\/uploads\/mother-2935723_960_720.jpg","url":"https:\/\/www.rasker.cz\/wp-content\/uploads\/mother-2935723_960_720.jpg","height":0,"width":0},"url":"https:\/\/www.rasker.cz\/syn-a-ja\/","about":["Vztahy"],"wordCount":461,"articleBody":"V\u0161ichni v\u00edme, \u017ee ne v\u017edycky mus\u00ed b\u00fdt n\u011bjak\u00e9 vztahy dokonal\u00e9. O tomhle bych mohla vypr\u00e1v\u011bt nebo napsat knihu, proto\u017ee se sv\u00fdm b\u00fdval\u00fdm partnerem m\u00e1m takov\u00e9 vztahy, \u017ee by jeden bre\u010del. M\u00e1me spolu d\u011blat jeho syna, o kter\u00e9ho v\u016fbec nejev\u00ed \u017e\u00e1dn\u00fd z\u00e1jem. A m\u011b to mrz\u00ed, ale v posledn\u00ed dob\u011b mi m\u016fj b\u00fdval\u00fd partner vyhro\u017euje, \u017ee mi syna vezme, \u017ee ho chce do sv\u00e9 p\u00e9\u010de, a to hlavn\u011b z toho d\u016fvodu, proto\u017ee syn nemocn\u00fd a beru na n\u011bj p\u0159\u00edsp\u011bvek na p\u00e9\u010di a t\u011bch pen\u011bz nen\u00ed v\u016fbec m\u00e1lo. Tak\u017ee nev\u00edm. jak se to m\u016fj b\u00fdval\u00fd partner dozv\u011bd\u011bl, ale opravdu hodn\u011b m\u011b to mrz\u00ed a \u0161tve, proto\u017ee chce syna jenom kv\u016fli pen\u011bz\u016fm.Takov\u00e9to\u00a0vztahy v rodin\u011b opravdu nem\u00e1m v\u016fbec r\u00e1da. Jenom\u017ee co m\u00e1m d\u011blat? M\u016fj b\u00fdval\u00fd partner m\u011b u\u017e dal k soudu, proto\u017ee \u017e\u00e1d\u00e1 o sv\u011b\u0159en\u00ed syna do sv\u00e9 p\u00e9\u010de. Ani nev\u00edte, jak mi tohle deprimuje a jak mi to ni\u010d\u00ed nervy a jak jsem z toho velice ne\u0161\u0165astn\u00e1. Copak bych syna mohla d\u00e1t? V\u016fbec si nedok\u00e1\u017eu p\u0159edstavit stavit, \u017ee bych syna doma nem\u011bla. Syn m\u00e1 doma \u00fapln\u011b nov\u011b p\u0159istavenou m\u00edstnost, kde m\u00e1 sv\u016fj pokoj\u00ed\u010dek. A taky si dom\u016f p\u0159ivedl mal\u00e9 ko\u0165\u00e1tko a taky m\u00e1 doma k\u0159e\u010dka, b\u00fdval\u00fd partner pr\u00e1v\u011b v\u016fbec doma zv\u00ed\u0159ata nechce, proto\u017ee je na n\u011b alergick\u00fd. Tak\u017ee j\u00e1 budu jenom doufat, \u017ee se t\u0159eba nap\u0159\u00edklad vztahy mezi n\u00e1mi urovnaj\u00ed a budeme v pohod\u011b, abys t\u0159eba syna nabral jenom na v\u00edkendy, ale jinak po zbytek t\u00fddne mi syna nechal. Kdy\u017e jsem se ptala syna, kde by cht\u011bl bydlet, tak mi syn \u0159ekl, \u017ee bych cht\u011bl bydlet u m\u011b a k t\u00e1tovi jezdit na v\u00fdlety anebo na n\u00e1v\u0161t\u011bvu. Podle m\u00e9ho n\u00e1zoru je to opravdu p\u011bkn\u00e9, proto\u017ee podle m\u00e9ho n\u00e1zoru, kdy\u017e je d\u00edt\u011b autista, \u017ee by m\u011bl z\u016fstat tam, kde vyr\u016fstal a kde nyn\u00ed st\u00e1le \u017eije. Mysl\u00edm si, \u017ee ani syn by to beze m\u011b hodn\u011b dlouho nezvl\u00e1dl, proto\u017ee syn je opravdu na m\u011b hodn\u011b z\u00e1visl\u00fd, tak si \u0159\u00edk\u00e1m, \u017ee kdyby opravdu m\u011bl z\u016fstat u m\u011b. A bychom m\u011bli t\u0159eba st\u0159\u00eddavou p\u00e9\u010di nebo aby syn byl v pln\u00e9 p\u00e9\u010di m\u00e9ho b\u00fdval\u00e9ho p\u0159\u00edtele. To by m\u011b hodn\u011b mrzelo.                                                                                                                                                                                                                                                                                                                                                                                        3.6\/5 - (5 votes)        "},{"@context":"https:\/\/schema.org\/","@type":"BreadcrumbList","itemListElement":[{"@type":"ListItem","position":1,"name":"Syn a j\u00e1","item":"https:\/\/www.rasker.cz\/syn-a-ja\/#breadcrumbitem"}]}]