[{"@context":"https:\/\/schema.org\/","@type":"Article","@id":"https:\/\/www.rasker.cz\/svetem-zvirat\/#Article","mainEntityOfPage":"https:\/\/www.rasker.cz\/svetem-zvirat\/","headline":"Sv\u011btem zv\u00ed\u0159at","name":"Sv\u011btem zv\u00ed\u0159at","description":"Ned\u00e1 se ani spo\u010d\u00edtat kolik p\u0159esn\u011b druh\u016f zde s n\u00e1mi je. Lze to snad jen p\u0159ibli\u017en\u011b odhadnout. Proto\u017ee to, co se st\u00e1le ukr\u00fdv\u00e1 pod&#46;&#46;&#46;","datePublished":"2024-07-29","dateModified":"2024-07-29","author":{"@type":"Person","@id":"https:\/\/www.rasker.cz\/author\/#Person","name":"","url":"https:\/\/www.rasker.cz\/author\/","identifier":1,"image":{"@type":"ImageObject","@id":"https:\/\/secure.gravatar.com\/avatar\/ade5060b95d9432296fc92debd2ba3136f7a4d727a7bc57afe18c4808c7d7ac9?s=96&d=mm&r=g","url":"https:\/\/secure.gravatar.com\/avatar\/ade5060b95d9432296fc92debd2ba3136f7a4d727a7bc57afe18c4808c7d7ac9?s=96&d=mm&r=g","height":96,"width":96}},"publisher":{"@type":"Organization","name":"rasker.cz","logo":{"@type":"ImageObject","@id":"\/logo.png","url":"\/logo.png","width":600,"height":60}},"image":{"@type":"ImageObject","@id":"https:\/\/www.rasker.cz\/wp-content\/uploads\/cheetah-2859581_640.jpg","url":"https:\/\/www.rasker.cz\/wp-content\/uploads\/cheetah-2859581_640.jpg","height":0,"width":0},"url":"https:\/\/www.rasker.cz\/svetem-zvirat\/","about":["Zv\u00ed\u0159ata"],"wordCount":405,"articleBody":"Ned\u00e1 se ani spo\u010d\u00edtat kolik p\u0159esn\u011b druh\u016f zde s n\u00e1mi je. Lze to snad jen p\u0159ibli\u017en\u011b odhadnout. Proto\u017ee to, co se st\u00e1le ukr\u00fdv\u00e1 pod mo\u0159skou hladinou n\u00e1m st\u00e1le z\u016fst\u00e1v\u00e1 z\u010d\u00e1sti utajeno. My se v\u0161ak pod\u00edv\u00e1me na zv\u00ed\u0159\u00e1tka suchozemsk\u00e1. Jsou zde rychl\u00e1 i pomal\u00e1, velk\u00e1 i mal\u00e1. Z t\u011bch rychl\u00fdch by to vyhr\u00e1l asi gepard, kter\u00fd\u017eto se latinsky zove Acinonyx jubatus. Ten dok\u00e1\u017ee p\u0159i lovu ko\u0159isti dos\u00e1hnout rychlosti kter\u00e1 m\u016f\u017ee p\u0159es\u00e1hnout sto dvacet kilometr\u016f v hodin\u011b. Co\u017e u\u017e je po\u0159\u00e1dn\u00e1 rychlost, a proto nem\u00e1 ko\u0159ist moc \u0161anc\u00ed uniknout. V\u011bt\u0161inou b\u00fdv\u00e1 gepard jasn\u00fd v\u00edt\u011bz. \u00a0Pokud bychom z\u016fstali na sou\u0161i, ale pod\u00edvali se na oblohu, tak je zde zv\u00ed\u0159e, kter\u00e9 v rychlosti geparda t\u0159ikr\u00e1t p\u0159ekon\u00e1. Ov\u0161em tohle asi porovn\u00e1vat nelze. Jde toti\u017e o pt\u00e1ka, je\u017e sluje sokol st\u011bhovav\u00fd. Rychlost jeho \u00fatoku se bl\u00ed\u017e\u00ed \u010dty\u0159em stem kilometr\u016f za hodinu a jist\u011b uzn\u00e1te, \u017ee tady u\u017e nen\u00ed v\u016fbec co \u0159e\u0161it o \u00faniku ko\u0159isti. Je to vl\u00e1dce vzdu\u0161n\u00fdch prostor a \u017eije skoro po cel\u00e9m sv\u011bt\u011b snad jen mimo Antarktidy. Tito rychl\u00ed tvorov\u00e9 nemaj\u00ed pot\u00ed\u017ee s obstar\u00e1n\u00edm potravy, co\u017e u\u017e nap\u0159\u00edklad takov\u00e1 v\u00fd\u0161e citovan\u00e1 \u017eelva m\u00e1. Ta by si asi nic ulovit nemohla. Proto to moudr\u00e1 p\u0159\u00edroda za\u0159\u00eddila jinak. \u017delva nepot\u0159ebuje svou potravu pron\u00e1sledovat, proto\u017ee ji m\u00e1 hned u nosu Pap\u00e1 toti\u017e travi\u010dku a v\u0161e co najde na zemi. Tedy je v podstat\u011b b\u00fdlo\u017eravec, i kdy\u017e pr\u00fd nepohrdne ani pl\u017eem. \u00a0Vid\u00edme, \u017ee na t\u00e9to planet\u011b nalezneme z\u00e1stupce skute\u010dn\u011b rychl\u00fdch tvor\u016f, ale tak\u00e9 t\u011bch pomal\u00fdch. Zde jsme mimo \u017eelvy zapomn\u011bli zm\u00ednit rychlost pl\u017e\u016f, neb o tom, \u017ee slou\u017e\u00ed jako potrava ji\u017e \u0159e\u010d byla. P\u0159\u00edroda n\u00e1m skute\u010dn\u011b vymyslela velik\u00e9 rozmanitosti. Proto si neust\u00e1le zasluhuje zkoum\u00e1n\u00ed, a to zkoum\u00e1n\u00ed nanejv\u00fd\u0161 opatrn\u00e9. A tak\u00e9 ochranu. Ochranu p\u0159ed t\u011bmi, kter\u00e9 v\u00fdvojem vytvo\u0159ila, ani\u017e tu\u0161ila, \u017ee vlastn\u011b p\u00e1ch\u00e1 sebevra\u017edu. Jej\u00edm nejv\u011bt\u0161\u00edm nep\u0159\u00edtelem je toti\u017e \u010dlov\u011bk s\u00e1m. A bohu\u017eel se nebl\u00ed\u017e\u00ed doba, kdy by dostal rozum.\u00a0                                                                                                                                                                                                                                                                                                                                                                                        4.5\/5 - (10 votes)        "},{"@context":"https:\/\/schema.org\/","@type":"BreadcrumbList","itemListElement":[{"@type":"ListItem","position":1,"name":"Sv\u011btem zv\u00ed\u0159at","item":"https:\/\/www.rasker.cz\/svetem-zvirat\/#breadcrumbitem"}]}]