[{"@context":"https:\/\/schema.org\/","@type":"Article","@id":"https:\/\/www.rasker.cz\/rada-cestuji\/#Article","mainEntityOfPage":"https:\/\/www.rasker.cz\/rada-cestuji\/","headline":"R\u00e1da cestuji","name":"R\u00e1da cestuji","description":"V\u017edycky jsem snila o tom, \u017ee budu hodn\u011b cestovat. A bez cestov\u00e1n\u00ed jsem si nedok\u00e1zala p\u0159edstavit \u017eivot. Cestovala jsem vlastn\u011b u\u017e odmali\u010dka. Moje m\u00e1ma&#46;&#46;&#46;","datePublished":"2022-06-25","dateModified":"2023-05-03","author":{"@type":"Person","@id":"https:\/\/www.rasker.cz\/author\/#Person","name":"","url":"https:\/\/www.rasker.cz\/author\/","identifier":1,"image":{"@type":"ImageObject","@id":"https:\/\/secure.gravatar.com\/avatar\/ade5060b95d9432296fc92debd2ba3136f7a4d727a7bc57afe18c4808c7d7ac9?s=96&d=mm&r=g","url":"https:\/\/secure.gravatar.com\/avatar\/ade5060b95d9432296fc92debd2ba3136f7a4d727a7bc57afe18c4808c7d7ac9?s=96&d=mm&r=g","height":96,"width":96}},"publisher":{"@type":"Organization","name":"rasker.cz","logo":{"@type":"ImageObject","@id":"\/logo.png","url":"\/logo.png","width":600,"height":60}},"image":{"@type":"ImageObject","@id":"https:\/\/www.rasker.cz\/wp-content\/uploads\/bora-bora-685303_960_720.jpg","url":"https:\/\/www.rasker.cz\/wp-content\/uploads\/bora-bora-685303_960_720.jpg","height":0,"width":0},"url":"https:\/\/www.rasker.cz\/rada-cestuji\/","about":["Cestov\u00e1n\u00ed"],"wordCount":423,"articleBody":"V\u017edycky jsem snila o tom, \u017ee budu hodn\u011b cestovat. A bez cestov\u00e1n\u00ed jsem si nedok\u00e1zala p\u0159edstavit \u017eivot. Cestovala jsem vlastn\u011b u\u017e odmali\u010dka. Moje m\u00e1ma mi \u0159ekla, \u017ee kdy\u017e ona byla t\u011bhotn\u00e1 se mnou, tak byla dvakr\u00e1t v Chorvatsku a jednou na Nov\u00e9m\u00a0Z\u00e9landu. Opravdu jsem byla nad\u0161en\u00e1, \u017ee jsem u\u017e vlastn\u011b p\u0159ed narozen\u00edm n\u011bkde byla. Jen je \u0161koda, \u017ee si to nepamatuji. Moje m\u00e1ma m\u00e1 akor\u00e1t hodn\u011b fotek z cestov\u00e1n\u00ed. A u\u017e byla v sedm\u00e9m m\u011bs\u00edci t\u011bhotenstv\u00ed, a to bylo pr\u00e1v\u011b zrovna v Chorvatsku. Jsem r\u00e1da, \u017ee takhle m\u00e1m alespo\u0148 n\u011bjak\u00e9 vzpom\u00ednky na to, kdy\u017e moje m\u00e1ma cestovala. A bohu\u017eel v dne\u0161n\u00ed dob\u011b s m\u00e1mou necestuji, proto\u017ee je nemocn\u00e1 a m\u00e1 po\u0159\u00e1d n\u011bco s\u00a0kloubama, tak\u017ee u\u017e moc necestuje. Nicm\u00e9n\u011b, ale je\u0161t\u011b kdy\u017e jsem byla mal\u00e9 d\u00edt\u011b, tak jsme procestovaly skoro cel\u00fd sv\u011bt. Byly jsme po cel\u00e9 Evrop\u011b snad u\u017e tak dvakr\u00e1t.L\u00edb\u00ed se mi to a nyn\u00ed cestuji u\u017e se sv\u00fdm p\u0159\u00edtelem. Je\u0161t\u011b nem\u00e1me \u017e\u00e1dn\u00e9 d\u011bti, tak\u017ee jsme si \u0159ekli, \u017ee pokud nem\u00e1me zalo\u017eenou rodinu, tak si budeme u\u017e\u00edvat \u017eivota a budeme cestovat. Je\u0161t\u011b n\u00e1s \u010dek\u00e1 p\u0159\u00ed\u0161t\u00ed rok Thajsko a taky Indie. Chceme se tam pod\u00edvat, proto\u017ee n\u00e1s to hodn\u011b bav\u00ed a l\u00edb\u00ed se n\u00e1m to prost\u0159ed\u00ed. Nav\u00edc n\u00e1s to opravdu zaj\u00edm\u00e1. A je to kultura \u00fapln\u011b odli\u0161n\u00e1 od na\u0161\u00ed, tak\u017ee je \u0161koda to neprozkoumat. Loni jsme byli v It\u00e1lii a taky ve \u0160pan\u011blsku taky v Turecku a v Egypt\u011b a mysl\u00edm si, \u017ee za dal\u0161\u00ed roky si to mo\u017en\u00e1 zopakujeme. Hlavn\u011b It\u00e1lii a \u0160pan\u011blsko, proto\u017ee tam n\u00e1s cestov\u00e1n\u00ed nejv\u00edce bavilo. V\u00edte,\u00a0cestov\u00e1n\u00ed\u00a0bereme s\u00a0p\u0159\u00edtelem\u00a0jako jednu v\u011bc, kter\u00e1\u00a0n\u00e1s\u00a0sbli\u017euje a dok\u00e1\u017ee n\u00e1s\u00a0zrelaxovat. A z cestov\u00e1n\u00ed a dovolen\u00e9 taky \u010derp\u00e1me\u00a0pozitivn\u00ed\u00a0energii ataky fakt, \u017ee \u017eijeme\u00a0jenom jednou, tak\u017ee pro\u010d si to\u00a0po\u0159\u00e1dn\u011b\u00a0neu\u017e\u00edt! \u017divot se\u00a0m\u00e1\u00a0\u017eit, ne pro\u017e\u00edvat. A vy taky r\u00e1di cestujete? A kam? My\u00a0jsme\u00a0si obl\u00edbili cel\u00fd sv\u011bt, ale i na\u0161e zem\u011b, \u010cesko, je opravdu\u00a0n\u00e1dhern\u00e1. Ale to v\u00edte jist\u011b v\u0161ichni. V\u0161ude dob\u0159e, dom\u011b nejl\u00edp.                                                                                                                                                                                                                                                                                                                                                                                        4.2\/5 - (9 votes)        "},{"@context":"https:\/\/schema.org\/","@type":"BreadcrumbList","itemListElement":[{"@type":"ListItem","position":1,"name":"R\u00e1da cestuji","item":"https:\/\/www.rasker.cz\/rada-cestuji\/#breadcrumbitem"}]}]