[{"@context":"https:\/\/schema.org\/","@type":"Article","@id":"https:\/\/www.rasker.cz\/proc-vychovavat-deti-jinak\/#Article","mainEntityOfPage":"https:\/\/www.rasker.cz\/proc-vychovavat-deti-jinak\/","headline":"Pro\u010d vychov\u00e1vat d\u011bti jinak","name":"Pro\u010d vychov\u00e1vat d\u011bti jinak","description":"V\u00fdchova by se m\u011bla rozv\u00edjet stejn\u011b jako se rozv\u00edj\u00ed v\u0161echno kolem. Ov\u0161em n\u011bkte\u0159\u00ed lid\u00e9 se v tomto ohledu v\u016fbec nepou\u010dili a chytaj\u00ed se t\u011bch,&#46;&#46;&#46;","datePublished":"2019-06-12","dateModified":"2019-06-12","author":{"@type":"Person","@id":"https:\/\/www.rasker.cz\/author\/#Person","name":"","url":"https:\/\/www.rasker.cz\/author\/","identifier":1,"image":{"@type":"ImageObject","@id":"https:\/\/secure.gravatar.com\/avatar\/ade5060b95d9432296fc92debd2ba3136f7a4d727a7bc57afe18c4808c7d7ac9?s=96&d=mm&r=g","url":"https:\/\/secure.gravatar.com\/avatar\/ade5060b95d9432296fc92debd2ba3136f7a4d727a7bc57afe18c4808c7d7ac9?s=96&d=mm&r=g","height":96,"width":96}},"publisher":{"@type":"Organization","name":"rasker.cz","logo":{"@type":"ImageObject","@id":"\/logo.png","url":"\/logo.png","width":600,"height":60}},"image":{"@type":"ImageObject","@id":"https:\/\/www.rasker.cz\/wp-content\/uploads\/img_a348046_w2933_t1562504860.jpg","url":"https:\/\/www.rasker.cz\/wp-content\/uploads\/img_a348046_w2933_t1562504860.jpg","height":0,"width":0},"url":"https:\/\/www.rasker.cz\/proc-vychovavat-deti-jinak\/","wordCount":428,"articleBody":"V\u00fdchova by se m\u011bla rozv\u00edjet stejn\u011b jako se rozv\u00edj\u00ed v\u0161echno kolem. Ov\u0161em n\u011bkte\u0159\u00ed lid\u00e9 se v tomto ohledu v\u016fbec nepou\u010dili a chytaj\u00ed se t\u011bch, kte\u0159\u00ed vzd\u011bl\u00e1vali je samotn\u00e9. To je ten probl\u00e9m, pro\u010d se nem\u016f\u017ee v\u00fdchova d\u00e1l posouvat. Ov\u0161em trestat d\u011bti za to, \u017ee n\u011bco nev\u00ed, m\u016f\u017ee m\u00edt pom\u011brn\u011b \u0161patn\u00fd dopad na jejich budoucnost.\t\u00a0\u00a0\u00a0\u00a0\u00a0\u00a0\u00a0\u00a0\u00a0\u00a0\u00a0 Setk\u00e1v\u00e1te se v diskus\u00edch na Facebooku a jin\u00fdch soci\u00e1ln\u00edch s\u00edt\u00edch s lidmi, kte\u0159\u00ed nedok\u00e1\u017e\u00ed pochopit n\u00e1zor jin\u00fdch, v\u00edcem\u00e9n\u011b si z t\u00e9to \u201edebaty\u201c nic neodnesou a jen se sna\u017e\u00ed vecpat sv\u00e9 moudro v\u0161em okolo? A takov\u00fdchto lid\u00ed je na s\u00edt\u00edch plno a mnoho z nich se pou\u0161t\u00ed do h\u00e1dek s t\u00edm stejn\u00fdm \u010dlov\u011bkem. A vznik\u00e1 naprost\u00e1 m\u00edchanice v\u0161emo\u017en\u00fdch v\u011bt, nad\u00e1vek a nesmysl\u016f. \t\u00a0\u00a0\u00a0\u00a0\u00a0\u00a0\u00a0\u00a0\u00a0\u00a0\u00a0 Probl\u00e9m je nepochopen\u00ed pro druh\u00e9 a jejich n\u00e1zoru. Ve \u0161kole se neu\u010d\u00edme diskutovat, ale spr\u00e1vn\u011b odpov\u00eddat. U\u010ditel nedok\u00e1\u017ee p\u0159iznat lidskou chybu a m\u00edsto toho pot\u00e9 odn\u00e1\u0161\u00ed trest d\u00edt\u011b. To se nau\u010d\u00ed komunikovat stejn\u011b a p\u0159ed\u00e1v\u00e1 tento styl chov\u00e1n\u00ed dal\u0161\u00edm generac\u00edm. A pokud \u010dlov\u011bk nepozn\u00e1 v dostate\u010dn\u00e9m v\u011bku i jin\u00e9 mo\u017enosti, jak komunikovat, nem\u016f\u017ee se rozv\u00edjet.\t\u00a0\u00a0\u00a0\u00a0\u00a0\u00a0\u00a0\u00a0\u00a0\u00a0\u00a0 D\u00edt\u011b pot\u00e9 nedok\u00e1\u017ee respektovat n\u00e1zor druh\u00fdch, ani\u017e by jej rovnou neodsoudil. Nau\u010d\u00ed se pouze opakovat fr\u00e1ze a v\u00edcem\u00e9n\u011b si neutvo\u0159\u00ed n\u00e1zor pouze z hlediska sv\u00e9ho pohledu. Ztrat\u00ed schopnost empatie a komunikace s druh\u00fdmi se za\u010dne zhor\u0161ovat. \u010casto toti\u017e mnoho v\u011bc\u00ed lid\u00e9 ch\u00e1pou jinak, ne\u017e je opravdu my\u0161leno, a vznikaj\u00ed nedorozum\u011bn\u00ed a probl\u00e9my v mezilidsk\u00fdch vztaz\u00edch.\t\t\u00a0\u00a0\u00a0\u00a0\u00a0\u00a0\u00a0\u00a0\u00a0\u00a0\u00a0 Proto bychom je m\u011bli jako dosp\u011bl\u00ed ji\u017e od mala u\u010dit debat\u011b a spr\u00e1vn\u00e9 komunikaci. M\u011bli bychom jim uk\u00e1zat, \u017ee se nemus\u00ed b\u00e1t p\u0159ed lidmi \u0159\u00edct, \u017ee n\u011bco nev\u00ed. Mnoho lid\u00ed t\u00edmto stylem vede sv\u00e9 debaty, p\u0159esto\u017ee nikdo z p\u0159\u00edtomn\u00fdch nev\u00ed, o co se jedn\u00e1. Av\u0161ak nikdo nevystoup\u00ed z \u0159ady kv\u016fli strachu. Stejn\u011b tak mus\u00ed v\u011bd\u011bt, \u017ee respektov\u00e1n\u00ed n\u00e1zoru jin\u00fdch je b\u011b\u017en\u00e1 v\u011bc a proto, abychom se i mi mohli dozv\u00eddat n\u011bco nov\u00e9ho, mus\u00edme se otev\u0159\u00edt dal\u0161\u00edm pohled\u016fm od ostatn\u00edch.                                                                                                                                                                                                                                                                                                                                                                                        4.5\/5 - (6 votes)        "},{"@context":"https:\/\/schema.org\/","@type":"BreadcrumbList","itemListElement":[{"@type":"ListItem","position":1,"name":"Pro\u010d vychov\u00e1vat d\u011bti jinak","item":"https:\/\/www.rasker.cz\/proc-vychovavat-deti-jinak\/#breadcrumbitem"}]}]