[{"@context":"https:\/\/schema.org\/","@type":"Article","@id":"https:\/\/www.rasker.cz\/proc-se-stehovat-na-jare\/#Article","mainEntityOfPage":"https:\/\/www.rasker.cz\/proc-se-stehovat-na-jare\/","headline":"Pro\u010d se st\u011bhovat na ja\u0159e","name":"Pro\u010d se st\u011bhovat na ja\u0159e","description":"Ti z v\u00e1s, co si nem\u016f\u017eete vyb\u00edrat datum st\u011bhov\u00e1n\u00ed, a jste v situaci, kdy v\u00e1m nap\u0159\u00edklad v\u00e1\u0161 pronaj\u00edmatel vypov\u011bd\u011bl smlouvu, nem\u00e1te p\u0159\u00edli\u0161 na v\u00fdb\u011br,&#46;&#46;&#46;","datePublished":"2022-12-11","dateModified":"2023-05-03","author":{"@type":"Person","@id":"https:\/\/www.rasker.cz\/author\/#Person","name":"","url":"https:\/\/www.rasker.cz\/author\/","identifier":1,"image":{"@type":"ImageObject","@id":"https:\/\/secure.gravatar.com\/avatar\/ade5060b95d9432296fc92debd2ba3136f7a4d727a7bc57afe18c4808c7d7ac9?s=96&d=mm&r=g","url":"https:\/\/secure.gravatar.com\/avatar\/ade5060b95d9432296fc92debd2ba3136f7a4d727a7bc57afe18c4808c7d7ac9?s=96&d=mm&r=g","height":96,"width":96}},"publisher":{"@type":"Organization","name":"rasker.cz","logo":{"@type":"ImageObject","@id":"\/logo.png","url":"\/logo.png","width":600,"height":60}},"image":{"@type":"ImageObject","@id":"https:\/\/www.rasker.cz\/wp-content\/uploads\/box-gb8a967397_640.png","url":"https:\/\/www.rasker.cz\/wp-content\/uploads\/box-gb8a967397_640.png","height":0,"width":0},"url":"https:\/\/www.rasker.cz\/proc-se-stehovat-na-jare\/","about":["Podnik\u00e1n\u00ed"],"wordCount":430,"articleBody":"   Ti z v\u00e1s, co si nem\u016f\u017eete vyb\u00edrat datum st\u011bhov\u00e1n\u00ed, a jste v situaci, kdy v\u00e1m nap\u0159\u00edklad v\u00e1\u0161 pronaj\u00edmatel vypov\u011bd\u011bl smlouvu, nem\u00e1te p\u0159\u00edli\u0161 na v\u00fdb\u011br, co se t\u00fd\u010de term\u00ednu, ale mnoho lid\u00ed tuto mo\u017enost volby m\u00e1. A p\u0159esto si mnohdy vyberou obdob\u00ed, kter\u00e9 nen\u00ed z nejlep\u0161\u00edch, a zbyte\u010dn\u011b si pak komplikuj\u00ed situaci.Zkuste to na ja\u0159eJarn\u00ed st\u011bhov\u00e1n\u00ed v Praze p\u0159in\u00e1\u0161\u00ed celou \u0159adu v\u00fdhod, a mezi nimi je to p\u0159edev\u0161\u00edm teplota ovzdu\u0161\u00ed. Nemus\u00edte se v t\u00e9 dob\u011b navl\u00e9kat do zimn\u00edch bund, obouvat koza\u010dky, tepl\u00e9 pono\u017eky a rukavice, a p\u0159i pohybu z vnit\u0159n\u00edho prostoru do venkovn\u00edho nen\u00ed nutn\u00e9 se neust\u00e1le svl\u00e9kat a obl\u00e9kat. V l\u00e9t\u011b je naopak obvykle takov\u00e9 horko, \u017ee v\u00e1s fyzick\u00fd pohyb brzy unav\u00ed, dojdou v\u00e1m s\u00edly a nebude se jich pak dost\u00e1vat v z\u00e1v\u011bre\u010dn\u00e9 f\u00e1zi vybalov\u00e1n\u00ed a zabydlov\u00e1n\u00ed. V tomto sm\u011bru je nejlep\u0161\u00edm m\u011bs\u00edcem kv\u011bten, kdy v\u00e1m sta\u010d\u00ed obl\u00e9knout lehk\u00e9 sportovn\u00ed tepl\u00e1ky a mikinu nebo tri\u010dko s dlouh\u00fdm ruk\u00e1vem, a obout b\u011b\u017eeck\u00e9 prody\u0161n\u00e9 tenisky.Kvetouc\u00ed stromy a zelen\u00e9 tr\u00e1vn\u00edky \u2013 zima je nesm\u00edrn\u011b \u00fanavn\u00e1 a dlouh\u00e1 tak\u00e9 proto, \u017ee je p\u0159\u00edroda ve f\u00e1zi odpo\u010dinku. Na \u010dlov\u011bka m\u00e1 obrovsk\u00fd neblah\u00fd vliv \u0161ed\u00e1 obloha, m\u00e1lo slune\u010dn\u00edho svitu, stromy bez list\u00ed a tak\u00e9 ponur\u00e9 barvy v p\u0159\u00edrod\u011b kolem n\u00e1s. V zim\u011b nic nerozkv\u00e9t\u00e1, nic nevon\u00ed, pt\u00e1ci utichaj\u00ed a tr\u00e1va je sp\u00ed\u0161e za\u017eloutl\u00e1 \u010di povadl\u00e1. Vliv barev na lidskou mysl je zna\u010dn\u00fd a m\u00e1 to obrovsk\u00fd vliv i na st\u011bhov\u00e1n\u00ed, kdy se v\u00e1m pozvedne n\u00e1lada, a zapla\u0161\u00edte deprese. Ne nadarmo se tvrd\u00ed, \u017ee podzim a zima b\u00fdvaj\u00ed v obdob\u00ed lidsk\u00e9ho \u017eivota nejobt\u00ed\u017en\u011bj\u0161\u00ed.D\u00e9lka dne \u2013 na konci b\u0159ezna za\u010d\u00edn\u00e1 obdob\u00ed jarn\u00ed rovnodennosti, co\u017e znamen\u00e1, \u017ee je stejn\u011b dlouh\u00fd den, jako noc, a v t\u00e9to dob\u011b se ka\u017ed\u00fd den prodlu\u017euje p\u0159ibli\u017en\u011b o \u010dty\u0159i a\u017e p\u011bt minut. \u010c\u00edm del\u0161\u00ed den, t\u00edm l\u00e9pe i pro v\u00e1s, budete m\u00edt v\u00edce energie a tak\u00e9 v\u00edce \u010dasu prov\u00e1d\u011bt ve\u0161ker\u00e9 \u010dinnosti za denn\u00edho sv\u011btla, co\u017e je pro lidskou mysl p\u0159irozen\u011bj\u0161\u00ed, ne\u017e za um\u011bl\u00e9ho osv\u011btlen\u00ed.                                                                                                                                                                                                                                                                                                                                                                                          4.1\/5 - (8 votes)        "},{"@context":"https:\/\/schema.org\/","@type":"BreadcrumbList","itemListElement":[{"@type":"ListItem","position":1,"name":"Pro\u010d se st\u011bhovat na ja\u0159e","item":"https:\/\/www.rasker.cz\/proc-se-stehovat-na-jare\/#breadcrumbitem"}]}]