[{"@context":"https:\/\/schema.org\/","@type":"Article","@id":"https:\/\/www.rasker.cz\/pripravte-se-na-sezonu-hrejivych-svetru\/#Article","mainEntityOfPage":"https:\/\/www.rasker.cz\/pripravte-se-na-sezonu-hrejivych-svetru\/","headline":"P\u0159ipravte se na sez\u00f3nu h\u0159ejiv\u00fdch svetr\u016f","name":"P\u0159ipravte se na sez\u00f3nu h\u0159ejiv\u00fdch svetr\u016f","description":"Svetr je ide\u00e1ln\u00ed kousek \u0161atn\u00edku, nosit ho m\u016f\u017eete t\u00e9m\u011b\u0159 po cel\u00fd rok (ano, hod\u00ed se i na letn\u00ed ve\u010dery) a vykouzlit s n\u00edm m\u016f\u017eete&#46;&#46;&#46;","datePublished":"2022-05-02","dateModified":"2023-05-03","author":{"@type":"Person","@id":"https:\/\/www.rasker.cz\/author\/#Person","name":"","url":"https:\/\/www.rasker.cz\/author\/","identifier":1,"image":{"@type":"ImageObject","@id":"https:\/\/secure.gravatar.com\/avatar\/ade5060b95d9432296fc92debd2ba3136f7a4d727a7bc57afe18c4808c7d7ac9?s=96&d=mm&r=g","url":"https:\/\/secure.gravatar.com\/avatar\/ade5060b95d9432296fc92debd2ba3136f7a4d727a7bc57afe18c4808c7d7ac9?s=96&d=mm&r=g","height":96,"width":96}},"publisher":{"@type":"Organization","name":"rasker.cz","logo":{"@type":"ImageObject","@id":"\/logo.png","url":"\/logo.png","width":600,"height":60}},"image":{"@type":"ImageObject","@id":"https:\/\/www.rasker.cz\/wp-content\/uploads\/pexels-kristin-vogt-54200%20(1)_1.jpg","url":"https:\/\/www.rasker.cz\/wp-content\/uploads\/pexels-kristin-vogt-54200%20(1)_1.jpg","height":0,"width":0},"url":"https:\/\/www.rasker.cz\/pripravte-se-na-sezonu-hrejivych-svetru\/","about":["M\u00f3da"],"wordCount":398,"articleBody":"Svetr je ide\u00e1ln\u00ed kousek \u0161atn\u00edku, nosit ho m\u016f\u017eete t\u00e9m\u011b\u0159 po cel\u00fd rok (ano, hod\u00ed se i na letn\u00ed ve\u010dery) a vykouzlit s n\u00edm m\u016f\u017eete cool outfit. P\u0159es zimu jsou svetry hebou\u010dk\u00e9, h\u0159ejiv\u00e9 a dokonale v\u00e1s ochr\u00e1n\u00ed p\u0159ed chladem.Jak\u00fd svetr m\u016f\u017eete vlastnit?pleten\u00fdp\u0159\u00edzov\u00fdka\u0161m\u00edrov\u00fdrol\u00e1kkardiganpuloverp\u0159es hlavurozp\u00ednac\u00edsexy na jedno ramenoTrendy z lo\u0148sk\u00e9ho rokuLoni fr\u010del dlouh\u00fd kardigan. Kardigan m\u016f\u017ee m\u00edt nebo nemus\u00ed m\u00edt zap\u00edn\u00e1n\u00ed, je bu\u010f voln\u00fd nebo se zavazuje v pase a imituje leh\u010d\u00ed kab\u00e1t.\u00a0Co je trendy letos?Tuto zimu se v obchodech porozhl\u00e9dn\u011bte po svetrech p\u0159es hlavu v libovoln\u00e9 d\u00e9lce typu oversized. V\u00fdhoda oversized svetr\u016f je ta, \u017ee jsou maxim\u00e1ln\u011b pohodln\u00e9 a m\u016f\u017eete se do nich zachumlat jak je libo. Jsou variabiln\u00ed, m\u016f\u017eete je sm\u011ble kombinovat a nosit na r\u016fzn\u00e9 zp\u016fsoby. Jejich m\u00f3da se neust\u00e1le vrac\u00ed, co\u017e jen dokazuje jejich obl\u00edbenost.\u00a0Jak je m\u016f\u017eete nosit?jako \u0161atyp\u0159es \u0161atyvrstvit je nap\u0159\u00edklad p\u0159es t\u00edlko nebo tri\u010dkoke kalhot\u00e1m r\u016fzn\u00fdch st\u0159ih\u016ftop kombinace je s \u00fazk\u00fdmi leg\u00ednami nebo skinny d\u017e\u00ednamik sukn\u00edmsexy na jedno ramenoVsa\u010fte na denim, to je trefa do \u010dern\u00e9hoNikdy neud\u011bl\u00e1te chybu, pokud oversized svetr zkombinujete s denimem. Je jedno, zda zvol\u00edte d\u017e\u00ednovou sukni, \u0161ortky, dlouh\u00e9 d\u017e\u00edny, lacl\u00e1\u010de nebo d\u017e\u00ednovou bundu. V\u00fdsledek bude dokonal\u00fd.Tip: obl\u00e9kn\u011bte si oversized svetr p\u0159es d\u017e\u00ednov\u00e9 \u0161atyA na jak\u00e9 barvy se zam\u011b\u0159it?Tady z\u00e1le\u017e\u00ed zcela na v\u00e1s. In jsou jemn\u00e9, tlumen\u00e9 odst\u00edny, ale i vesel\u00e9 a syt\u00e9. Vyzkou\u0161et m\u016f\u017eete nap\u0159\u00edklad oran\u017eovou, \u010dervenou nebo okrovou. A pokud jste odv\u00e1\u017en\u011bj\u0161\u00ed, nebojte se i v\u00edcebarevn\u00e9ho svetru nap\u0159\u00edklad s p\u0159\u00ed\u010dn\u00fdmi pruhy.\u00a0Svetr vyla\u010fte i dopl\u0148kyNebojte se kombinovat, experimentovat a hr\u00e1t si. K oversized svetru sla\u010fte \u010depici i \u0161\u00e1lu. Nebo pou\u017eijte \u0161irok\u00fd p\u00e1sek. M\u00f3dn\u00ed fantazii se meze nekladou.Tip: na svetr tak\u00e9 m\u016f\u017eete p\u0159ip\u00edchnout stylovou bro\u017e, cel\u00fd outfit ozvl\u00e1\u0161tn\u00ed a dod\u00e1 v\u00e1m \u0161mrnc                                                                                                                                                                                                                                                                                                                                                                                        4.5\/5 - (8 votes)        "},{"@context":"https:\/\/schema.org\/","@type":"BreadcrumbList","itemListElement":[{"@type":"ListItem","position":1,"name":"P\u0159ipravte se na sez\u00f3nu h\u0159ejiv\u00fdch svetr\u016f","item":"https:\/\/www.rasker.cz\/pripravte-se-na-sezonu-hrejivych-svetru\/#breadcrumbitem"}]}]