[{"@context":"https:\/\/schema.org\/","@type":"Blog","@id":"https:\/\/www.rasker.cz#Blog","headline":"Rasker","description":"\nOsudem mnoh\u00fdch je \u017eivot v\u00a0nedostatku. A v\u0161ichni takov\u00ed lid\u00e9 by se m\u011bli neust\u00e1le sna\u017eit tento osud zvr\u00e1tit. Proto\u017ee beznad\u011bjn\u00e9 je to jen tehdy, kdy\u017e to vzdaj\u00ed.","url":"https:\/\/www.rasker.cz","hasPart":[{"@type":"Article","@id":"https:\/\/www.rasker.cz\/kdyz-chcete-svatbu-nejkrasnejsi\/","headline":"Kdy\u017e chcete svatbu nejkr\u00e1sn\u011bj\u0161\u00ed","url":"https:\/\/www.rasker.cz\/kdyz-chcete-svatbu-nejkrasnejsi\/","datePublished":"2025-03-12","dateModified":"2025-03-12","mainEntityOfPage":"https:\/\/www.rasker.cz\/kdyz-chcete-svatbu-nejkrasnejsi\/","author":{"@type":"Person","@id":"https:\/\/www.rasker.cz\/author\/#Person","name":"","url":"https:\/\/www.rasker.cz\/author\/","identifier":1,"image":{"@type":"ImageObject","@id":"https:\/\/secure.gravatar.com\/avatar\/ade5060b95d9432296fc92debd2ba3136f7a4d727a7bc57afe18c4808c7d7ac9?s=96&d=mm&r=g","url":"https:\/\/secure.gravatar.com\/avatar\/ade5060b95d9432296fc92debd2ba3136f7a4d727a7bc57afe18c4808c7d7ac9?s=96&d=mm&r=g","height":96,"width":96}},"publisher":{"@type":"Organization","name":"rasker.cz","logo":{"@type":"ImageObject","@id":"\/logo.png","url":"\/logo.png","width":600,"height":60}},"image":null,"wordCount":228,"keywords":null},{"@type":"Article","@id":"https:\/\/www.rasker.cz\/prosvetlete-si-vase-podkrovi\/","headline":"Prosv\u011btlete si va\u0161e podkrov\u00ed","url":"https:\/\/www.rasker.cz\/prosvetlete-si-vase-podkrovi\/","datePublished":"2025-03-04","dateModified":"2025-03-04","mainEntityOfPage":"https:\/\/www.rasker.cz\/prosvetlete-si-vase-podkrovi\/","author":{"@type":"Person","@id":"https:\/\/www.rasker.cz\/author\/#Person","name":"","url":"https:\/\/www.rasker.cz\/author\/","identifier":1,"image":{"@type":"ImageObject","@id":"https:\/\/secure.gravatar.com\/avatar\/ade5060b95d9432296fc92debd2ba3136f7a4d727a7bc57afe18c4808c7d7ac9?s=96&d=mm&r=g","url":"https:\/\/secure.gravatar.com\/avatar\/ade5060b95d9432296fc92debd2ba3136f7a4d727a7bc57afe18c4808c7d7ac9?s=96&d=mm&r=g","height":96,"width":96}},"publisher":{"@type":"Organization","name":"rasker.cz","logo":{"@type":"ImageObject","@id":"\/logo.png","url":"\/logo.png","width":600,"height":60}},"image":null,"wordCount":223,"keywords":null},{"@type":"Article","@id":"https:\/\/www.rasker.cz\/kam-na-dovolenou-prece-do-chorvatska\/","headline":"Kam na dovolenou? P\u0159ece do Chorvatska","url":"https:\/\/www.rasker.cz\/kam-na-dovolenou-prece-do-chorvatska\/","datePublished":"2025-03-02","dateModified":"2025-03-02","mainEntityOfPage":"https:\/\/www.rasker.cz\/kam-na-dovolenou-prece-do-chorvatska\/","author":{"@type":"Person","@id":"https:\/\/www.rasker.cz\/author\/#Person","name":"","url":"https:\/\/www.rasker.cz\/author\/","identifier":1,"image":{"@type":"ImageObject","@id":"https:\/\/secure.gravatar.com\/avatar\/ade5060b95d9432296fc92debd2ba3136f7a4d727a7bc57afe18c4808c7d7ac9?s=96&d=mm&r=g","url":"https:\/\/secure.gravatar.com\/avatar\/ade5060b95d9432296fc92debd2ba3136f7a4d727a7bc57afe18c4808c7d7ac9?s=96&d=mm&r=g","height":96,"width":96}},"publisher":{"@type":"Organization","name":"rasker.cz","logo":{"@type":"ImageObject","@id":"\/logo.png","url":"\/logo.png","width":600,"height":60}},"image":{"@type":"ImageObject","@id":"https:\/\/www.rasker.cz\/wp-content\/uploads\/img_a344215_w2967_t1557673195.jpg","url":"https:\/\/www.rasker.cz\/wp-content\/uploads\/img_a344215_w2967_t1557673195.jpg","height":0,"width":0},"wordCount":493,"keywords":null},{"@type":"Article","@id":"https:\/\/www.rasker.cz\/fenomenalni-ukazy-ktere-se-staly-pilirem-zabavy-v-minulem-stoleti\/","headline":"Fenomen\u00e1ln\u00ed \u00fakazy, kter\u00e9 se staly pil\u00ed\u0159em z\u00e1bavy v minul\u00e9m stolet\u00ed","url":"https:\/\/www.rasker.cz\/fenomenalni-ukazy-ktere-se-staly-pilirem-zabavy-v-minulem-stoleti\/","datePublished":"2025-02-28","dateModified":"2025-02-28","mainEntityOfPage":"https:\/\/www.rasker.cz\/fenomenalni-ukazy-ktere-se-staly-pilirem-zabavy-v-minulem-stoleti\/","author":{"@type":"Person","@id":"https:\/\/www.rasker.cz\/author\/#Person","name":"","url":"https:\/\/www.rasker.cz\/author\/","identifier":1,"image":{"@type":"ImageObject","@id":"https:\/\/secure.gravatar.com\/avatar\/ade5060b95d9432296fc92debd2ba3136f7a4d727a7bc57afe18c4808c7d7ac9?s=96&d=mm&r=g","url":"https:\/\/secure.gravatar.com\/avatar\/ade5060b95d9432296fc92debd2ba3136f7a4d727a7bc57afe18c4808c7d7ac9?s=96&d=mm&r=g","height":96,"width":96}},"publisher":{"@type":"Organization","name":"rasker.cz","logo":{"@type":"ImageObject","@id":"\/logo.png","url":"\/logo.png","width":600,"height":60}},"image":{"@type":"ImageObject","@id":"https:\/\/www.rasker.cz\/wp-content\/uploads\/img_a342441_w2244_t1555229252.jpg","url":"https:\/\/www.rasker.cz\/wp-content\/uploads\/img_a342441_w2244_t1555229252.jpg","height":0,"width":0},"wordCount":519,"keywords":null},{"@type":"Article","@id":"https:\/\/www.rasker.cz\/zavolejte-nam-o-nase-dvirka\/","headline":"Zavolejte n\u00e1m o na\u0161e dv\u00ed\u0159ka","url":"https:\/\/www.rasker.cz\/zavolejte-nam-o-nase-dvirka\/","datePublished":"2025-02-25","dateModified":"2025-02-25","mainEntityOfPage":"https:\/\/www.rasker.cz\/zavolejte-nam-o-nase-dvirka\/","author":{"@type":"Person","@id":"https:\/\/www.rasker.cz\/author\/#Person","name":"","url":"https:\/\/www.rasker.cz\/author\/","identifier":1,"image":{"@type":"ImageObject","@id":"https:\/\/secure.gravatar.com\/avatar\/ade5060b95d9432296fc92debd2ba3136f7a4d727a7bc57afe18c4808c7d7ac9?s=96&d=mm&r=g","url":"https:\/\/secure.gravatar.com\/avatar\/ade5060b95d9432296fc92debd2ba3136f7a4d727a7bc57afe18c4808c7d7ac9?s=96&d=mm&r=g","height":96,"width":96}},"publisher":{"@type":"Organization","name":"rasker.cz","logo":{"@type":"ImageObject","@id":"\/logo.png","url":"\/logo.png","width":600,"height":60}},"image":null,"wordCount":242,"keywords":null},{"@type":"Article","@id":"https:\/\/www.rasker.cz\/garaz-modernejsi\/","headline":"Gar\u00e1\u017e modern\u011bj\u0161\u00ed","url":"https:\/\/www.rasker.cz\/garaz-modernejsi\/","datePublished":"2025-02-18","dateModified":"2025-02-18","mainEntityOfPage":"https:\/\/www.rasker.cz\/garaz-modernejsi\/","author":{"@type":"Person","@id":"https:\/\/www.rasker.cz\/author\/#Person","name":"","url":"https:\/\/www.rasker.cz\/author\/","identifier":1,"image":{"@type":"ImageObject","@id":"https:\/\/secure.gravatar.com\/avatar\/ade5060b95d9432296fc92debd2ba3136f7a4d727a7bc57afe18c4808c7d7ac9?s=96&d=mm&r=g","url":"https:\/\/secure.gravatar.com\/avatar\/ade5060b95d9432296fc92debd2ba3136f7a4d727a7bc57afe18c4808c7d7ac9?s=96&d=mm&r=g","height":96,"width":96}},"publisher":{"@type":"Organization","name":"rasker.cz","logo":{"@type":"ImageObject","@id":"\/logo.png","url":"\/logo.png","width":600,"height":60}},"image":{"@type":"ImageObject","@id":"https:\/\/www.rasker.cz\/wp-content\/uploads\/property-7046997_640_10_10_3.jpg","url":"https:\/\/www.rasker.cz\/wp-content\/uploads\/property-7046997_640_10_10_3.jpg","height":0,"width":0},"wordCount":619,"keywords":null},{"@type":"Article","@id":"https:\/\/www.rasker.cz\/seznam-volnych-pracovnich-pozic\/","headline":"Seznam voln\u00fdch pracovn\u00edch pozic","url":"https:\/\/www.rasker.cz\/seznam-volnych-pracovnich-pozic\/","datePublished":"2025-02-18","dateModified":"2025-02-18","mainEntityOfPage":"https:\/\/www.rasker.cz\/seznam-volnych-pracovnich-pozic\/","author":{"@type":"Person","@id":"https:\/\/www.rasker.cz\/author\/#Person","name":"","url":"https:\/\/www.rasker.cz\/author\/","identifier":1,"image":{"@type":"ImageObject","@id":"https:\/\/secure.gravatar.com\/avatar\/ade5060b95d9432296fc92debd2ba3136f7a4d727a7bc57afe18c4808c7d7ac9?s=96&d=mm&r=g","url":"https:\/\/secure.gravatar.com\/avatar\/ade5060b95d9432296fc92debd2ba3136f7a4d727a7bc57afe18c4808c7d7ac9?s=96&d=mm&r=g","height":96,"width":96}},"publisher":{"@type":"Organization","name":"rasker.cz","logo":{"@type":"ImageObject","@id":"\/logo.png","url":"\/logo.png","width":600,"height":60}},"image":null,"wordCount":237,"keywords":null},{"@type":"Article","@id":"https:\/\/www.rasker.cz\/sberatelska-vasen-i-skvely-darek\/","headline":"Sb\u011bratelsk\u00e1 v\u00e1\u0161e\u0148 i skv\u011bl\u00fd d\u00e1rek","url":"https:\/\/www.rasker.cz\/sberatelska-vasen-i-skvely-darek\/","datePublished":"2025-02-11","dateModified":"2025-02-11","mainEntityOfPage":"https:\/\/www.rasker.cz\/sberatelska-vasen-i-skvely-darek\/","author":{"@type":"Person","@id":"https:\/\/www.rasker.cz\/author\/#Person","name":"","url":"https:\/\/www.rasker.cz\/author\/","identifier":1,"image":{"@type":"ImageObject","@id":"https:\/\/secure.gravatar.com\/avatar\/ade5060b95d9432296fc92debd2ba3136f7a4d727a7bc57afe18c4808c7d7ac9?s=96&d=mm&r=g","url":"https:\/\/secure.gravatar.com\/avatar\/ade5060b95d9432296fc92debd2ba3136f7a4d727a7bc57afe18c4808c7d7ac9?s=96&d=mm&r=g","height":96,"width":96}},"publisher":{"@type":"Organization","name":"rasker.cz","logo":{"@type":"ImageObject","@id":"\/logo.png","url":"\/logo.png","width":600,"height":60}},"image":{"@type":"ImageObject","@id":"https:\/\/www.rasker.cz\/wp-content\/uploads\/auto_10_10_10_4.jpg","url":"https:\/\/www.rasker.cz\/wp-content\/uploads\/auto_10_10_10_4.jpg","height":0,"width":0},"wordCount":917,"keywords":null},{"@type":"Article","@id":"https:\/\/www.rasker.cz\/relaxacni-pobyty\/","headline":"Relaxa\u010dn\u00ed pobyty","url":"https:\/\/www.rasker.cz\/relaxacni-pobyty\/","datePublished":"2025-02-11","dateModified":"2025-02-11","mainEntityOfPage":"https:\/\/www.rasker.cz\/relaxacni-pobyty\/","author":{"@type":"Person","@id":"https:\/\/www.rasker.cz\/author\/#Person","name":"","url":"https:\/\/www.rasker.cz\/author\/","identifier":1,"image":{"@type":"ImageObject","@id":"https:\/\/secure.gravatar.com\/avatar\/ade5060b95d9432296fc92debd2ba3136f7a4d727a7bc57afe18c4808c7d7ac9?s=96&d=mm&r=g","url":"https:\/\/secure.gravatar.com\/avatar\/ade5060b95d9432296fc92debd2ba3136f7a4d727a7bc57afe18c4808c7d7ac9?s=96&d=mm&r=g","height":96,"width":96}},"publisher":{"@type":"Organization","name":"rasker.cz","logo":{"@type":"ImageObject","@id":"\/logo.png","url":"\/logo.png","width":600,"height":60}},"image":null,"wordCount":216,"keywords":null},{"@type":"Article","@id":"https:\/\/www.rasker.cz\/nabizime-vam-zdravi-zpusob-koureni\/","headline":"Nab\u00edz\u00edme v\u00e1m zdrav\u00ed zp\u016fsob kou\u0159en\u00ed","url":"https:\/\/www.rasker.cz\/nabizime-vam-zdravi-zpusob-koureni\/","datePublished":"2025-02-09","dateModified":"2025-02-09","mainEntityOfPage":"https:\/\/www.rasker.cz\/nabizime-vam-zdravi-zpusob-koureni\/","author":{"@type":"Person","@id":"https:\/\/www.rasker.cz\/author\/#Person","name":"","url":"https:\/\/www.rasker.cz\/author\/","identifier":1,"image":{"@type":"ImageObject","@id":"https:\/\/secure.gravatar.com\/avatar\/ade5060b95d9432296fc92debd2ba3136f7a4d727a7bc57afe18c4808c7d7ac9?s=96&d=mm&r=g","url":"https:\/\/secure.gravatar.com\/avatar\/ade5060b95d9432296fc92debd2ba3136f7a4d727a7bc57afe18c4808c7d7ac9?s=96&d=mm&r=g","height":96,"width":96}},"publisher":{"@type":"Organization","name":"rasker.cz","logo":{"@type":"ImageObject","@id":"\/logo.png","url":"\/logo.png","width":600,"height":60}},"image":null,"wordCount":216,"keywords":null}]},{"@context":"https:\/\/schema.org","@type":"WebSite","@id":"https:\/\/www.rasker.cz\/#website","name":"Rasker","url":"https:\/\/www.rasker.cz","potentialAction":{"@type":"SearchAction","target":"https:\/\/www.rasker.cz\/?s={search_term_string}","query-input":"required name=search_term_string"}}]