{"@context":"https:\/\/schema.org\/","@type":"CollectionPage","@id":"https:\/\/www.rasker.cz\/moda\/#CollectionPage","headline":"M\u00f3da Category","description":"","url":"https:\/\/www.rasker.cz\/moda\/","hasPart":[{"@type":"Article","@id":"https:\/\/www.rasker.cz\/co-dnesni-doba-a-korzety\/","headline":"Co dne\u0161n\u00ed doba a korzety?","url":"https:\/\/www.rasker.cz\/co-dnesni-doba-a-korzety\/","datePublished":"2022-07-25","dateModified":"2023-05-03","mainEntityOfPage":"https:\/\/www.rasker.cz\/co-dnesni-doba-a-korzety\/","author":{"@type":"Person","@id":"https:\/\/www.rasker.cz\/author\/#Person","name":"","url":"https:\/\/www.rasker.cz\/author\/","identifier":1,"image":{"@type":"ImageObject","@id":"https:\/\/secure.gravatar.com\/avatar\/ade5060b95d9432296fc92debd2ba3136f7a4d727a7bc57afe18c4808c7d7ac9?s=96&d=mm&r=g","url":"https:\/\/secure.gravatar.com\/avatar\/ade5060b95d9432296fc92debd2ba3136f7a4d727a7bc57afe18c4808c7d7ac9?s=96&d=mm&r=g","height":96,"width":96}},"publisher":{"@type":"Organization","name":"rasker.cz","logo":{"@type":"ImageObject","@id":"\/logo.png","url":"\/logo.png","width":600,"height":60}},"image":{"@type":"ImageObject","@id":"https:\/\/www.rasker.cz\/wp-content\/uploads\/korz.JPG","url":"https:\/\/www.rasker.cz\/wp-content\/uploads\/korz.JPG","height":0,"width":0},"keywords":null},{"@type":"Article","@id":"https:\/\/www.rasker.cz\/jsou-lepsi-tricka-nebo-halenky\/","headline":"Jsou lep\u0161\u00ed tri\u010dka nebo halenky?","url":"https:\/\/www.rasker.cz\/jsou-lepsi-tricka-nebo-halenky\/","datePublished":"2022-06-01","dateModified":"2023-05-03","mainEntityOfPage":"https:\/\/www.rasker.cz\/jsou-lepsi-tricka-nebo-halenky\/","author":{"@type":"Person","@id":"https:\/\/www.rasker.cz\/author\/#Person","name":"","url":"https:\/\/www.rasker.cz\/author\/","identifier":1,"image":{"@type":"ImageObject","@id":"https:\/\/secure.gravatar.com\/avatar\/ade5060b95d9432296fc92debd2ba3136f7a4d727a7bc57afe18c4808c7d7ac9?s=96&d=mm&r=g","url":"https:\/\/secure.gravatar.com\/avatar\/ade5060b95d9432296fc92debd2ba3136f7a4d727a7bc57afe18c4808c7d7ac9?s=96&d=mm&r=g","height":96,"width":96}},"publisher":{"@type":"Organization","name":"rasker.cz","logo":{"@type":"ImageObject","@id":"\/logo.png","url":"\/logo.png","width":600,"height":60}},"image":{"@type":"ImageObject","@id":"https:\/\/www.rasker.cz\/wp-content\/uploads\/haltr.PNG","url":"https:\/\/www.rasker.cz\/wp-content\/uploads\/haltr.PNG","height":0,"width":0},"keywords":null},{"@type":"Article","@id":"https:\/\/www.rasker.cz\/pripravte-se-na-sezonu-hrejivych-svetru\/","headline":"P\u0159ipravte se na sez\u00f3nu h\u0159ejiv\u00fdch svetr\u016f","url":"https:\/\/www.rasker.cz\/pripravte-se-na-sezonu-hrejivych-svetru\/","datePublished":"2022-05-02","dateModified":"2023-05-03","mainEntityOfPage":"https:\/\/www.rasker.cz\/pripravte-se-na-sezonu-hrejivych-svetru\/","author":{"@type":"Person","@id":"https:\/\/www.rasker.cz\/author\/#Person","name":"","url":"https:\/\/www.rasker.cz\/author\/","identifier":1,"image":{"@type":"ImageObject","@id":"https:\/\/secure.gravatar.com\/avatar\/ade5060b95d9432296fc92debd2ba3136f7a4d727a7bc57afe18c4808c7d7ac9?s=96&d=mm&r=g","url":"https:\/\/secure.gravatar.com\/avatar\/ade5060b95d9432296fc92debd2ba3136f7a4d727a7bc57afe18c4808c7d7ac9?s=96&d=mm&r=g","height":96,"width":96}},"publisher":{"@type":"Organization","name":"rasker.cz","logo":{"@type":"ImageObject","@id":"\/logo.png","url":"\/logo.png","width":600,"height":60}},"image":{"@type":"ImageObject","@id":"https:\/\/www.rasker.cz\/wp-content\/uploads\/pexels-kristin-vogt-54200%20(1)_1.jpg","url":"https:\/\/www.rasker.cz\/wp-content\/uploads\/pexels-kristin-vogt-54200%20(1)_1.jpg","height":0,"width":0},"keywords":null}]}