[{"@context":"https:\/\/schema.org\/","@type":"Article","@id":"https:\/\/www.rasker.cz\/kam-na-dovolenou-prece-do-chorvatska\/#Article","mainEntityOfPage":"https:\/\/www.rasker.cz\/kam-na-dovolenou-prece-do-chorvatska\/","headline":"Kam na dovolenou? P\u0159ece do Chorvatska","name":"Kam na dovolenou? P\u0159ece do Chorvatska","description":"Chorvatsko u\u017e je n\u011bkolik let obl\u00edben\u00fdm m\u00edstem pro dovolenou a to nejen \u010cech\u016f, ale i Slov\u00e1k\u016f. A, kter\u00e1 m\u00edsta jsou hojn\u011b n\u00e1mi nav\u0161t\u011bvov\u00e1na? Nejv\u011bt\u0161\u00edm&#46;&#46;&#46;","datePublished":"2025-03-02","dateModified":"2025-03-02","author":{"@type":"Person","@id":"https:\/\/www.rasker.cz\/author\/#Person","name":"","url":"https:\/\/www.rasker.cz\/author\/","identifier":1,"image":{"@type":"ImageObject","@id":"https:\/\/secure.gravatar.com\/avatar\/ade5060b95d9432296fc92debd2ba3136f7a4d727a7bc57afe18c4808c7d7ac9?s=96&d=mm&r=g","url":"https:\/\/secure.gravatar.com\/avatar\/ade5060b95d9432296fc92debd2ba3136f7a4d727a7bc57afe18c4808c7d7ac9?s=96&d=mm&r=g","height":96,"width":96}},"publisher":{"@type":"Organization","name":"rasker.cz","logo":{"@type":"ImageObject","@id":"\/logo.png","url":"\/logo.png","width":600,"height":60}},"image":{"@type":"ImageObject","@id":"https:\/\/www.rasker.cz\/wp-content\/uploads\/img_a344215_w2967_t1557673195.jpg","url":"https:\/\/www.rasker.cz\/wp-content\/uploads\/img_a344215_w2967_t1557673195.jpg","height":0,"width":0},"url":"https:\/\/www.rasker.cz\/kam-na-dovolenou-prece-do-chorvatska\/","wordCount":405,"articleBody":"Chorvatsko u\u017e je n\u011bkolik let obl\u00edben\u00fdm m\u00edstem pro dovolenou a to nejen \u010cech\u016f, ale i Slov\u00e1k\u016f. A, kter\u00e1 m\u00edsta jsou hojn\u011b n\u00e1mi nav\u0161t\u011bvov\u00e1na? Nejv\u011bt\u0161\u00edm m\u011bstem Chorvatska je Z\u00e1h\u0159eb, nach\u00e1z\u00ed se severn\u011b \u0159eky S\u00e1vy, je to m\u011bsto pln\u00e9 kultury a historie. Jako jedno z m\u00e1la m\u011bst si dodnes udr\u017eelo atmosf\u00e9ru d\u00e1vn\u00fdch \u010das\u016f, kterou umocn\u00ed zdej\u0161\u00ed romantick\u00e9 parky.Dal\u0161\u00edm c\u00edlem v\u011bt\u0161iny turist\u016f je Split, men\u0161\u00ed m\u011bste\u010dko nach\u00e1zej\u00edc\u00ed se ve st\u0159edn\u00ed Dalm\u00e1cii, kter\u00e9 je proslul\u00e9 nejen svou d\u00e1vnou historii, ale je zde i velk\u00fd p\u0159\u00edstav Mateju\u0161ka. D\u00e1le se p\u0159esuneme do Makarsk\u00e9 rivi\u00e9ry, kter\u00e1 je zn\u00e1m\u00e1 svou kr\u00e1snou pl\u00e1\u017e s \u010dist\u011b obl\u00e1zkovou vodou a malebnou krajinou, toto m\u00edsto je vhodn\u00e9 pro rodiny s mal\u00fdmi d\u011btmi.Dal\u0161\u00ed destinac\u00ed je v\u0161emi dob\u0159e zn\u00e1m\u00e9 p\u0159\u00edstavn\u00ed m\u011bsto Dubrovn\u00edk. Je zde sp\u00ed\u0161e p\u011b\u0161\u00ed z\u00f3na na nich\u017e shl\u00e9dnete impozantn\u00ed chr\u00e1my, \u00fazk\u00e9 malebn\u00e9 uli\u010dky nebo kamenn\u00e9 domy, tak\u00e9 po\u010das\u00ed je po v\u011bt\u0161inu dn\u00ed slune\u010dn\u00e9.Posledn\u00edm m\u00edstem kam se pod\u00edv\u00e1me je n\u00e1rodn\u00ed park Plitvick\u00e1 jezera, jen\u017e se vzdaluje p\u0159\u00edmo\u0159sk\u00fdm letovisk\u016fm a je nejlep\u0161\u00ed se zde ubytovat p\u0159es noc nebo si sem rovnou napl\u00e1novat dovolenou, proto\u017ee je skute\u010dn\u011b na co se d\u00edvat. Plitvice, jak se \u0159\u00edk\u00e1 zkr\u00e1cen\u011b je pln\u00e1 sladkovodn\u00edch jezer, vodop\u00e1d\u016f a kask\u00e1d. Celkov\u00e1 vodn\u00ed plocha parku je asi dva kilometry \u010dtvere\u010dn\u00e9 a zbytek tvo\u0159\u00ed pevnina. Nesm\u00ed se zde koupat, proto\u017ee jak jsme zm\u00ednili je to n\u00e1rodn\u00ed park a je zaps\u00e1n v seznamu sv\u011btov\u00e9ho d\u011bdictv\u00ed UNESCO.Jezera jsou propojen\u00e1 vodop\u00e1dy, kter\u00e9 dosahuj\u00ed v\u00fd\u0161ky a\u017e sedmdes\u00e1t \u0161est metr\u016f. Zdej\u0161\u00ed lesy pat\u0159\u00ed k nejzachovalej\u0161\u00edm v Evrop\u011b, \u017eij\u00ed v nich chr\u00e1n\u011bn\u00e1 zv\u00ed\u0159ata jako jsou medv\u011bdi, rysy a vlci.\u00a0 Zdej\u0161\u00ed luka pokr\u00fdvaj\u00ed r\u016fzn\u00e9 druhy orchidej\u00ed a lili\u00ed, sem je vstup zak\u00e1z\u00e1n z d\u016fvodu ochrany t\u011bchto rostlin.\u00a0 By\u0165 si zde nezaplavete, samotn\u00e1 turistika a pod\u00edvan\u00e1 stoj\u00ed za to, je to takov\u00fd balz\u00e1m na du\u0161i. Ur\u010dit\u011b budete m\u00edt kr\u00e1sn\u00e9 vzpom\u00ednky na cel\u00fd \u017eivot.                                                                                                                                                                                                                                                                                                                                                                                        3.5\/5 - (4 votes)        "},{"@context":"https:\/\/schema.org\/","@type":"BreadcrumbList","itemListElement":[{"@type":"ListItem","position":1,"name":"Kam na dovolenou? P\u0159ece do Chorvatska","item":"https:\/\/www.rasker.cz\/kam-na-dovolenou-prece-do-chorvatska\/#breadcrumbitem"}]}]