[{"@context":"https:\/\/schema.org\/","@type":"Article","@id":"https:\/\/www.rasker.cz\/dovolena-pro-relax\/#Article","mainEntityOfPage":"https:\/\/www.rasker.cz\/dovolena-pro-relax\/","headline":"Dovolen\u00e1 pro relax","name":"Dovolen\u00e1 pro relax","description":"V\u017edycky jsem si \u0159\u00edkala, \u017ee na dovolenou mus\u00ed jezdit opravdu ka\u017ed\u00fd \u010dlov\u011bk. Proto\u017ee na dovolen\u00e9 si \u010dlov\u011bk opravdu hodn\u011b odpo\u010dine. J\u00e1 nap\u0159\u00edklad m\u00e1m velmi&#46;&#46;&#46;","datePublished":"2022-05-31","dateModified":"2023-05-03","author":{"@type":"Person","@id":"https:\/\/www.rasker.cz\/author\/#Person","name":"","url":"https:\/\/www.rasker.cz\/author\/","identifier":1,"image":{"@type":"ImageObject","@id":"https:\/\/secure.gravatar.com\/avatar\/ade5060b95d9432296fc92debd2ba3136f7a4d727a7bc57afe18c4808c7d7ac9?s=96&d=mm&r=g","url":"https:\/\/secure.gravatar.com\/avatar\/ade5060b95d9432296fc92debd2ba3136f7a4d727a7bc57afe18c4808c7d7ac9?s=96&d=mm&r=g","height":96,"width":96}},"publisher":{"@type":"Organization","name":"rasker.cz","logo":{"@type":"ImageObject","@id":"\/logo.png","url":"\/logo.png","width":600,"height":60}},"image":{"@type":"ImageObject","@id":"https:\/\/www.rasker.cz\/wp-content\/uploads\/beach-1751455_960_720_1.jpg","url":"https:\/\/www.rasker.cz\/wp-content\/uploads\/beach-1751455_960_720_1.jpg","height":0,"width":0},"url":"https:\/\/www.rasker.cz\/dovolena-pro-relax\/","about":["Dovolen\u00e1"],"wordCount":417,"articleBody":"V\u017edycky jsem si \u0159\u00edkala, \u017ee na dovolenou mus\u00ed jezdit opravdu ka\u017ed\u00fd \u010dlov\u011bk. Proto\u017ee na dovolen\u00e9 si \u010dlov\u011bk opravdu hodn\u011b odpo\u010dine. J\u00e1 nap\u0159\u00edklad m\u00e1m velmi n\u00e1ro\u010dnou pr\u00e1ci, co se t\u00fdk\u00e1 fyzi\u010dky a taky psychiky. Pracuji v domov\u011b d\u016fchodc\u016f. A jak v\u0161ichni v\u00edme, nen\u00ed to tam v\u017edy jednoduch\u00e9. Sice ti senio\u0159i jsou perfektn\u00ed a p\u011bkn\u011b se s nimi pov\u00edd\u00e1, ale kdy\u017e n\u011bkdo odejde do nebe, tak to psychicky opravdu t\u011b\u017eko sn\u00e1\u0161\u00edm. Nejrad\u011bji bych byla n\u011bkde pry\u010d. A proto jsem si \u0159ekla, \u017ee letos tam u\u017e budu pracovat naposledy, \u017ee p\u0159\u00ed\u0161t\u00ed rok si nejdu n\u011bco jin\u00e9ho. Nejd\u0159\u00edve ale potom, ne\u017e si najdu nov\u00e9 zam\u011bstn\u00e1n\u00ed, tak budu cht\u00edt jet a n\u011bjakou po\u0159\u00e1dnou a dlouhou dovolenou.A \u0159ekla jsem si, \u017ee bych mohla jet t\u0159eba u\u017e kone\u010dn\u011b do\u00a0Karibiku. A\u00a0Karibik\u00a0je moje obl\u00edben\u00e1 a taky vysn\u011bn\u00e1\u00a0destinace. A sice jsem tam tedy je\u0161t\u011b nebyla, ale v\u00edm, \u017ee to moje obl\u00edben\u00e1\u00a0destinace\u00a0jist\u011b budete. To je m\u016fj sen u\u017e asi patn\u00e1ct let, ale kv\u016fli \u0161kole a taky\u00a0potom kv\u016fli pr\u00e1ci jsem se tam nevydala. Proto\u017ee jsem taky potom za\u010dala chodit s p\u0159\u00edtelem, kter\u00fd v\u016fbec necht\u011bl cestovat a o\u00a0Karibiku\u00a0necht\u011bl ani sly\u0161et. \u017de pr\u00fd je to stra\u0161n\u011b drah\u00e9, \u017ee na to nem\u00e1me pen\u00edze. \u017de prvn\u011b mus\u00edme db\u00e1t na to, abychom skv\u011ble bydleli a nem\u011bli potom \u017e\u00e1dn\u00e9 dluhy. Nev\u011bd\u011bla jsem, co na to m\u00e1m \u0159\u00edct. Tak\u017ee jsem dala rad\u011bji na p\u0159\u00edtele a z\u016fstala jsem doma. P\u0159\u00ed\u0161t\u00ed rok si ale dovolenou chci samoz\u0159ejm\u011b po\u0159\u00e1dn\u011b u\u017e\u00edt. A mysl\u00edm si, \u017ee by mi tohle opravdu nikdo nemohl n\u011bjak vy\u010d\u00edtat. nebo vy byste to ud\u011blali jinak? Jak byste\u00a0si to u\u017eili vy? Nav\u00edc kdy\u017e to tak vezmu, tak ka\u017ed\u00fd \u010dlov\u011bk m\u00e1 n\u00e1rok na to, aby si mohl odpo\u010dinout. A\u00a0nev\u00edm,\u00a0pro\u010d si tohle mnoz\u00ed zam\u011bstnavatel\u00e9 neuv\u011bdomuj\u00ed,\u00a0ale\u00a0kdy\u017e je\u00a0jejich\u00a0zam\u011bstnanec\u00a0po\u0159\u00e1dn\u011b odpo\u010dinut\u00fd d\u00edky dovolen\u00e9, tak potom taky\u00a0samoz\u0159ejm\u011b\u00a0pod\u00edv\u00e1 v\u011bt\u0161\u00ed v\u00fdkon. pamatuji si, jak m\u016fj otec jezdil pravideln\u011b na dovolen\u00e9 do Egypta nebo taky do\u00a0Chorvatska\u00a0a\u00a0bylo\u00a0mu\u00a0tam\u00a0fajn.\u00a0                                                                                                                                                                                                                                                                                                                                                                                        4.5\/5 - (8 votes)        "},{"@context":"https:\/\/schema.org\/","@type":"BreadcrumbList","itemListElement":[{"@type":"ListItem","position":1,"name":"Dovolen\u00e1 pro relax","item":"https:\/\/www.rasker.cz\/dovolena-pro-relax\/#breadcrumbitem"}]}]