[{"@context":"https:\/\/schema.org\/","@type":"Article","@id":"https:\/\/www.rasker.cz\/co-dnesni-doba-a-korzety\/#Article","mainEntityOfPage":"https:\/\/www.rasker.cz\/co-dnesni-doba-a-korzety\/","headline":"Co dne\u0161n\u00ed doba a korzety?","name":"Co dne\u0161n\u00ed doba a korzety?","description":"Jist\u011b v\u00edte, \u017ee d\u0159\u00edve nosily korzety snad v\u0161echny \u017eeny. Dnes u\u017e to takov\u00e9 nen\u00ed. Dnes u\u017e se nenos\u00ed takov\u00e9 oble\u010den\u00ed, jako d\u0159\u00edve, kde to&#46;&#46;&#46;","datePublished":"2022-07-25","dateModified":"2023-05-03","author":{"@type":"Person","@id":"https:\/\/www.rasker.cz\/author\/#Person","name":"","url":"https:\/\/www.rasker.cz\/author\/","identifier":1,"image":{"@type":"ImageObject","@id":"https:\/\/secure.gravatar.com\/avatar\/ade5060b95d9432296fc92debd2ba3136f7a4d727a7bc57afe18c4808c7d7ac9?s=96&d=mm&r=g","url":"https:\/\/secure.gravatar.com\/avatar\/ade5060b95d9432296fc92debd2ba3136f7a4d727a7bc57afe18c4808c7d7ac9?s=96&d=mm&r=g","height":96,"width":96}},"publisher":{"@type":"Organization","name":"rasker.cz","logo":{"@type":"ImageObject","@id":"\/logo.png","url":"\/logo.png","width":600,"height":60}},"image":{"@type":"ImageObject","@id":"https:\/\/www.rasker.cz\/wp-content\/uploads\/korz.JPG","url":"https:\/\/www.rasker.cz\/wp-content\/uploads\/korz.JPG","height":0,"width":0},"url":"https:\/\/www.rasker.cz\/co-dnesni-doba-a-korzety\/","about":["M\u00f3da"],"wordCount":431,"articleBody":"Jist\u011b v\u00edte, \u017ee d\u0159\u00edve nosily korzety snad v\u0161echny \u017eeny. Dnes u\u017e to takov\u00e9 nen\u00ed. Dnes u\u017e se nenos\u00ed takov\u00e9 oble\u010den\u00ed, jako d\u0159\u00edve, kde to bez korzetu opravdu ne\u0161lo.\u00a0Je ale pravda, \u017ee i dnes najdete obchody, kter\u00e9 n\u011bjak\u00fd ten korzet prod\u00e1vaj\u00ed. Mnoho lid\u00ed se ale na korzety d\u00edv\u00e1 \u00fapln\u011b jinak, ne\u017e v\u00a0tom smyslu, \u017ee by si je m\u011bli vz\u00edt n\u011bkam do spole\u010dnosti.\u00a0Je pravda, \u017ee je dnes jen velmi m\u00e1lo odv\u00e1\u017en\u00fdch \u017een, kter\u00e9 by \u0161ly skute\u010dn\u011b do spole\u010dnosti v\u00a0korzetu, proto\u017ee maj\u00ed pocit, \u017ee se n\u011bco takov\u00e9ho dnes nenos\u00ed a v\u016fbec se nehod\u00ed.\u00a0K\u00a0takov\u00e9mu korzetu je mo\u017en\u00e9 sladit mnoho v\u011bc\u00ed, ale ne v\u0161echny \u017eeny jsou odv\u00e1\u017en\u00e9 a n\u011bco takov\u00e9ho si na sebe oble\u010dou.Jsou \u017eeny, kter\u00e9 by si n\u011bco takov\u00e9ho vzaly, ale kdy\u017e si n\u011bco takov\u00e9ho vyzkou\u0161\u00ed, rozhodn\u011b z\u00a0n\u011b\u010deho takov\u00e9ho nemaj\u00ed dobr\u00fd pocit.\u00a0V\u00a0obchodech n\u011bco takov\u00e9ho, jako je korzet, rozhodn\u011b nem\u00e1 smysl hledat. Pokud se ale chyst\u00e1te na n\u011bjakou akci, kde by bylo vhodn\u00e9 vz\u00edt si korzet, m\u011bli byste n\u011bco takov\u00e9ho pohledat na internetov\u00fdch webech, kde si \u010dlov\u011bk m\u016f\u017ee vybrat z\u00a0r\u016fzn\u00fdch barev.\u00a0Ur\u010dit\u011b tak\u00e9 po\u010d\u00edtejte s\u00a0rozd\u00edln\u00fdmi cenami na dan\u00fdch webech. N\u011bkde m\u016f\u017eete sehnat korzety levn\u011b a n\u011bkde naopak skute\u010dn\u011b draho. Pod\u00edvejte se proto na v\u00edce m\u00edst, abyste za takov\u00fd korzet neutratili p\u0159\u00edli\u0161 mnoho, pokud jej nav\u00edc pot\u0159ebujete jen na jedno no\u0161en\u00ed.Jakmile jej ji\u017e nebudete pot\u0159ebovat, \u010dlov\u011bk si n\u011bco takov\u00e9ho bu\u010f m\u016f\u017ee schovat a m\u016f\u017ee doufat, \u017ee n\u011bco takov\u00e9ho je\u0161t\u011b n\u011bkdy vynos\u00ed, nebo se m\u016f\u017ee pokusit n\u011bco takov\u00e9ho formou online prodeje, prodat.\u00a0Jsou \u017eeny, kter\u00e9 maj\u00ed je korzet\u016fm velk\u00fd odpor, ale jsou i takov\u00e9, kter\u00e9 se n\u011b\u010demu takov\u00e9mu nebr\u00e1n\u00ed, proto\u017ee k\u00a0n\u011b\u010demu takov\u00e9mu jsou schopny mnoh\u00e9 v\u011bci jednodu\u0161e sladit.\u00a0Je pravdou, \u017ee kdy\u017e \u017eena p\u0159ijde do spole\u010dnosti v\u00a0korzetu, rozhodn\u011b se stane st\u0159edem pozornosti, proto\u017ee dnes u\u017e se n\u011bco takov\u00e9ho opravdu nevid\u00ed.\u00a0Jsou lid\u00e9, kte\u0159\u00ed ocen\u00ed, pokud m\u00e1 \u017eena na sob\u011b korzet, ale jsou i tac\u00ed, kte\u0159\u00ed se tomu mohou sm\u00e1t, proto\u017ee si v\u00a0dne\u0161n\u00ed dob\u011b n\u011bco takov\u00e9ho na n\u011bkom neum\u011bj\u00ed p\u0159edstavit.                                                                                                                                                                                                                                                                                                                                                                                        4.6\/5 - (7 votes)        "},{"@context":"https:\/\/schema.org\/","@type":"BreadcrumbList","itemListElement":[{"@type":"ListItem","position":1,"name":"Co dne\u0161n\u00ed doba a korzety?","item":"https:\/\/www.rasker.cz\/co-dnesni-doba-a-korzety\/#breadcrumbitem"}]}]