[{"@context":"https:\/\/schema.org\/","@type":"Article","@id":"https:\/\/www.rasker.cz\/army-styl\/#Article","mainEntityOfPage":"https:\/\/www.rasker.cz\/army-styl\/","headline":"Army styl","name":"Army styl","description":"Mysl\u00edm si, \u017ee je opravdu mnoho \u017een, kter\u00e9 m\u00e1 r\u00e1do m\u00f3du a to jakoukoliv. Podle m\u00e9ho n\u00e1zoru se nenajde \u017e\u00e1dn\u00e1 skupinka \u017een, kter\u00e1 by&#46;&#46;&#46;","datePublished":"2022-11-13","dateModified":"2023-05-03","author":{"@type":"Person","@id":"https:\/\/www.rasker.cz\/author\/#Person","name":"","url":"https:\/\/www.rasker.cz\/author\/","identifier":1,"image":{"@type":"ImageObject","@id":"https:\/\/secure.gravatar.com\/avatar\/ade5060b95d9432296fc92debd2ba3136f7a4d727a7bc57afe18c4808c7d7ac9?s=96&d=mm&r=g","url":"https:\/\/secure.gravatar.com\/avatar\/ade5060b95d9432296fc92debd2ba3136f7a4d727a7bc57afe18c4808c7d7ac9?s=96&d=mm&r=g","height":96,"width":96}},"publisher":{"@type":"Organization","name":"rasker.cz","logo":{"@type":"ImageObject","@id":"\/logo.png","url":"\/logo.png","width":600,"height":60}},"image":{"@type":"ImageObject","@id":"https:\/\/www.rasker.cz\/wp-content\/uploads\/isolated-1194899_960_720.png","url":"https:\/\/www.rasker.cz\/wp-content\/uploads\/isolated-1194899_960_720.png","height":0,"width":0},"url":"https:\/\/www.rasker.cz\/army-styl\/","about":["N\u00e1kupy"],"wordCount":429,"articleBody":"       Mysl\u00edm si, \u017ee je opravdu mnoho \u017een, kter\u00e9 m\u00e1 r\u00e1do m\u00f3du a to jakoukoliv. Podle m\u00e9ho n\u00e1zoru se nenajde \u017e\u00e1dn\u00e1 skupinka \u017een, kter\u00e1 by m\u011bla toto\u017en\u00fd styl. Ano, n\u011bco podobn\u00e9ho a pravdy na tom bude, proto\u017ee j\u00e1 se svou nejlep\u0161\u00ed kamar\u00e1dkou m\u00e1me takov\u00fd obl\u00edben\u00fd styl a to, kdy\u017e je oble\u010den\u00ed sexy a kdy\u017e je vyz\u00fdvav\u00e9. Samoz\u0159ejm\u011b, \u017ee ho ale nenos\u00edme ka\u017ed\u00fd den anebo do \u0161koly a nebo do pr\u00e1ce. A ob\u011b dv\u011b toti\u017e studujeme vysokou \u0161kolu, tak\u017ee samoz\u0159ejm\u011b si nikdy vezmeme kr\u00e1tkou minisukni a tri\u010dko s velk\u00fdm v\u00fdst\u0159ihem. Do \u0161koly se pr\u00e1v\u011b hod\u00ed takov\u00e9 elegantn\u00ed a konzervativn\u00ed oble\u010den\u00ed, jako nap\u0159\u00edklad taky mikiny. A opravdu moc r\u00e1da nos\u00edm mikiny ve stylu Army. Army mikiny pro \u017eeny jsou velice pohodln\u00e9 a mysl\u00edm si, \u017ee t\u0159eba n\u011bkter\u00e9 \u017eeny, kter\u00e9 necht\u011bj\u00ed b\u00fdt st\u0159edem pozornosti, tak si vezmu na sebe Army mikinu. Army mikina toti\u017e p\u0159edstavuje sp\u00ed\u0161e takov\u00fd klu\u010di\u010d\u00ed, p\u00e1nsk\u00fd styl, tak\u017ee d\u00edvka nebo \u017eena nebude tak vid\u011bt. A tohle pr\u00e1v\u011b nos\u00edm s kamar\u00e1dkou nejrad\u011bji do \u0161koly. Boj\u00edme se toti\u017e zkou\u0161ek, a zjistily jsme, \u017ee kdy\u017e m\u00e1me na sob\u011b Army mikinu, tak n\u00e1s u\u010ditel nebo u\u010ditelka tak moc nezkou\u0161ej\u00ed z p\u0159edm\u011btu. A my s kamar\u00e1dkou moc nech\u00e1peme latinu, tak\u017ee jsme ob\u011b dv\u011b r\u00e1dy, \u017ee alespo\u0148 snad jsme vyvol\u00e1van\u00e9 minim\u00e1ln\u011b.I kdy\u017e se samoz\u0159ejm\u011b velice sna\u017e\u00edme a u\u010d\u00edme, tak\u017ee pokud i v\u00e1s zaj\u00edm\u00e1 Army mikina, tak se pod\u00edvejte na webov\u00e9 str\u00e1nky armytrika.cz, kde na p\u0159ehledn\u00e9m webu najdete v\u0161echny informace o Army stylu a o Army mikin\u00e1ch, kter\u00e9 v\u00e1s zaj\u00edmaj\u00ed. A jak\u00e1 m\u00f3da se l\u00edb\u00ed v\u00e1m? Ne\u0159\u00edk\u00e1m, \u017ee je to webov\u00e1 str\u00e1nka jenom pro \u017eeny, proto\u017ee i p\u00e1nov\u00e9 si tady najdou to svoje. I mu\u017ei cht\u011bj\u00ed vypadat dob\u0159e, a pr\u00e1v\u011b Army styl je pro prav\u00e9 a tvrd\u00e9 mu\u017ee to prav\u00e9 o\u0159echov\u00e9. U mu\u017e\u016f se mi Army styl hodn\u011b l\u00edb\u00ed a jsem r\u00e1da, \u017ee Army styl m\u016fj p\u0159\u00edtel taky r\u00e1d nos\u00ed. Cht\u011bl b\u00fdt voj\u00e1k, ale nevy\u0161lo mu to. Mysl\u00edm si ale, \u017ee to byl asi osud. Army styl ale p\u0159\u00edtel nos\u00ed \u010dasto.                                                                                                                                                                                                                                                                                                                                                                                           4.5\/5 - (11 votes)        "},{"@context":"https:\/\/schema.org\/","@type":"BreadcrumbList","itemListElement":[{"@type":"ListItem","position":1,"name":"Army styl","item":"https:\/\/www.rasker.cz\/army-styl\/#breadcrumbitem"}]}]